{"id":1347,"date":"2021-03-10T20:01:23","date_gmt":"2021-03-10T19:01:23","guid":{"rendered":"https:\/\/www.hortatuscia.it\/non-classifiee\/larbre-de-la-longevite\/"},"modified":"2023-04-06T13:57:09","modified_gmt":"2023-04-06T12:57:09","slug":"larbre-de-la-longevite","status":"publish","type":"post","link":"https:\/\/www.hortatuscia.it\/fr\/olivier\/larbre-de-la-longevite\/","title":{"rendered":"L&rsquo;arbre de la long\u00e9vit\u00e9"},"content":{"rendered":"<p>[et_pb_section fb_built=\u00a0\u00bb1&Prime; custom_padding_last_edited=\u00a0\u00bbon|tablet\u00a0\u00bb next_background_color=\u00a0\u00bb#ffffff\u00a0\u00bb admin_label=\u00a0\u00bbHeader\u00a0\u00bb _builder_version=\u00a0\u00bb3.22.1&Prime; background_color=\u00a0\u00bb#fcfaf7&Prime; background_image=\u00a0\u00bbhttps:\/\/www.hortatuscia.it\/wp\/wp-content\/uploads\/2019\/11\/farm-09-2.png\u00a0\u00bb background_size=\u00a0\u00bbinitial\u00a0\u00bb background_position=\u00a0\u00bbtop_center\u00a0\u00bb custom_padding=\u00a0\u00bb||0vw|||\u00a0\u00bb custom_padding_tablet=\u00a0\u00bb||0vw|\u00a0\u00bb custom_padding_phone=\u00a0\u00bb\u00a0\u00bb bottom_divider_style=\u00a0\u00bbwave\u00a0\u00bb bottom_divider_height=\u00a0\u00bb80%\u00a0\u00bb bottom_divider_repeat=\u00a0\u00bb0.6x\u00a0\u00bb bottom_divider_flip=\u00a0\u00bbvertical|horizontal\u00a0\u00bb hover_enabled=\u00a0\u00bb0&Prime; sticky_enabled=\u00a0\u00bb0&Prime;][et_pb_row column_structure=\u00a0\u00bb1_2,1_2&Prime; _builder_version=\u00a0\u00bb3.25&Prime; custom_margin=\u00a0\u00bb100px||\u00a0\u00bb custom_margin_tablet=\u00a0\u00bb||\u00a0\u00bb custom_margin_phone=\u00a0\u00bb0px|||\u00a0\u00bb custom_margin_last_edited=\u00a0\u00bbon|tablet\u00a0\u00bb][et_pb_column type=\u00a0\u00bb1_2&Prime; _builder_version=\u00a0\u00bb3.25&Prime; custom_padding=\u00a0\u00bb|||\u00a0\u00bb custom_padding__hover=\u00a0\u00bb|||\u00a0\u00bb][et_pb_text _builder_version=\u00a0\u00bb3.27.4&Prime; header_font=\u00a0\u00bbCormorant Garamond|700|||||||\u00a0\u00bb header_text_color=\u00a0\u00bb#002855&Prime; header_font_size=\u00a0\u00bb70px\u00a0\u00bb header_letter_spacing=\u00a0\u00bb1px\u00a0\u00bb header_line_height=\u00a0\u00bb1.2em\u00a0\u00bb header_font_size_tablet=\u00a0\u00bb40px\u00a0\u00bb header_font_size_phone=\u00a0\u00bb34px\u00a0\u00bb header_font_size_last_edited=\u00a0\u00bbon|desktop\u00a0\u00bb header_letter_spacing_tablet=\u00a0\u00bb0px\u00a0\u00bb header_letter_spacing_phone=\u00a0\u00bb0px\u00a0\u00bb header_letter_spacing_last_edited=\u00a0\u00bbon|tablet\u00a0\u00bb]<\/p>\n<h1>L&rsquo;arbre de la long\u00e9vit\u00e9<\/h1>\n<p>[\/et_pb_text][\/et_pb_column][et_pb_column type=\u00a0\u00bb1_2&Prime; _builder_version=\u00a0\u00bb3.25&Prime; custom_padding=\u00a0\u00bb|||\u00a0\u00bb custom_padding__hover=\u00a0\u00bb|||\u00a0\u00bb][et_pb_image src=\u00a0\u00bbhttps:\/\/www.hortatuscia.it\/wp\/wp-content\/uploads\/2019\/12\/20190728_120613_001-169&#215;300.jpg\u00a0\u00bb alt=\u00a0\u00bbL&rsquo;olivier du centenaire\u00a0\u00bb title_text=\u00a0\u00bbL&rsquo;olivier du centenaire\u00a0\u00bb align=\u00a0\u00bbright\u00a0\u00bb _builder_version=\u00a0\u00bb4.9.1&Prime; transform_scale=\u00a0\u00bb120%|120%\u00a0\u00bb transform_scale_tablet=\u00a0\u00bb100%|100%\u00a0\u00bb transform_scale_phone=\u00a0\u00bb\u00a0\u00bb transform_scale_last_edited=\u00a0\u00bbon|tablet\u00a0\u00bb transform_translate_tablet=\u00a0\u00bb\u00a0\u00bb transform_translate_phone=\u00a0\u00bb\u00a0\u00bb transform_translate_last_edited=\u00a0\u00bbon|desktop\u00a0\u00bb transform_rotate_tablet=\u00a0\u00bb\u00a0\u00bb transform_rotate_phone=\u00a0\u00bb\u00a0\u00bb transform_rotate_last_edited=\u00a0\u00bbon|desktop\u00a0\u00bb transform_skew_tablet=\u00a0\u00bb\u00a0\u00bb transform_skew_phone=\u00a0\u00bb\u00a0\u00bb transform_skew_last_edited=\u00a0\u00bbon|desktop\u00a0\u00bb transform_origin_tablet=\u00a0\u00bb\u00a0\u00bb transform_origin_phone=\u00a0\u00bb\u00a0\u00bb transform_origin_last_edited=\u00a0\u00bbon|desktop\u00a0\u00bb transform_styles_last_edited=\u00a0\u00bbon|tablet\u00a0\u00bb width_tablet=\u00a0\u00bb60%\u00a0\u00bb width_phone=\u00a0\u00bb\u00a0\u00bb width_last_edited=\u00a0\u00bbon|phone\u00a0\u00bb custom_margin=\u00a0\u00bb0px|||||\u00a0\u00bb transform_styles_tablet=\u00a0\u00bb\u00a0\u00bb transform_styles_phone=\u00a0\u00bb\u00a0\u00bb always_center_on_mobile=\u00a0\u00bboff\u00a0\u00bb][\/et_pb_image][\/et_pb_column][\/et_pb_row][et_pb_row _builder_version=\u00a0\u00bb4.9.1&Prime; _module_preset=\u00a0\u00bbdefault\u00a0\u00bb][et_pb_column type=\u00a0\u00bb4_4&Prime; _builder_version=\u00a0\u00bb4.9.1&Prime; _module_preset=\u00a0\u00bbdefault\u00a0\u00bb][et_pb_text _builder_version=\u00a0\u00bb4.9.1&Prime; text_font=\u00a0\u00bbOpen Sans||||||||\u00a0\u00bb text_font_size=\u00a0\u00bb17px\u00a0\u00bb text_letter_spacing=\u00a0\u00bb0.5px\u00a0\u00bb text_line_height=\u00a0\u00bb2em\u00a0\u00bb transform_scale_tablet=\u00a0\u00bb\u00a0\u00bb transform_scale_phone=\u00a0\u00bb\u00a0\u00bb transform_scale_last_edited=\u00a0\u00bbon|desktop\u00a0\u00bb transform_translate_tablet=\u00a0\u00bb\u00a0\u00bb transform_translate_phone=\u00a0\u00bb\u00a0\u00bb transform_translate_last_edited=\u00a0\u00bbon|desktop\u00a0\u00bb transform_rotate_tablet=\u00a0\u00bb\u00a0\u00bb transform_rotate_phone=\u00a0\u00bb\u00a0\u00bb transform_rotate_last_edited=\u00a0\u00bbon|desktop\u00a0\u00bb transform_skew_tablet=\u00a0\u00bb\u00a0\u00bb transform_skew_phone=\u00a0\u00bb\u00a0\u00bb transform_skew_last_edited=\u00a0\u00bbon|desktop\u00a0\u00bb transform_origin_tablet=\u00a0\u00bb\u00a0\u00bb transform_origin_phone=\u00a0\u00bb\u00a0\u00bb transform_origin_last_edited=\u00a0\u00bbon|desktop\u00a0\u00bb transform_styles_last_edited=\u00a0\u00bbon|desktop\u00a0\u00bb text_font_size_tablet=\u00a0\u00bb16px\u00a0\u00bb text_font_size_phone=\u00a0\u00bb14px\u00a0\u00bb text_font_size_last_edited=\u00a0\u00bbon|phone\u00a0\u00bb text_letter_spacing_tablet=\u00a0\u00bb\u00a0\u00bb text_letter_spacing_phone=\u00a0\u00bb0px\u00a0\u00bb text_letter_spacing_last_edited=\u00a0\u00bbon|tablet\u00a0\u00bb transform_styles_tablet=\u00a0\u00bb\u00a0\u00bb transform_styles_phone=\u00a0\u00bb\u00a0\u00bb]<\/p>\n<div class=\"\" dir=\"auto\">\n<div class=\"ecm0bbzt hv4rvrfc ihqw7lf3 dati1w0a\" data-ad-comet-preview=\"message\" data-ad-preview=\"message\" id=\"jsc_c_fg\">\n<div class=\"j83agx80 cbu4d94t ew0dbk1b irj2b8pg\">\n<div class=\"qzhwtbm6 knvmm38d\">\n<div class=\"kvgmc6g5 cxmmr5t8 oygrvhab hcukyx3x c1et5uql ii04i59q\">\n<div dir=\"auto\" style=\"text-align: start;\">Les oliviers sont petits, tordus et poussent peu. Pourtant, le tronc est puissant, s&rsquo;\u00e9claircissant dans la couronne, plein de feuillage et de feuilles vertes argent\u00e9es, pr\u00eates \u00e0 scintiller sous chaque rayon de soleil et \u00e0 s&rsquo;\u00e9parpiller \u00e0 chaque rafale de vent. Chaque arbre est une sculpture : m\u00eame s&rsquo;ils ne sont pas parmi les plus grands et les plus majestueux, ils sont royaux et majestueux, ils vivent longtemps, ils sont forts et g\u00e9n\u00e9reux, et ils ont ces fruits merveilleux, les olives.<\/div>\n<div dir=\"auto\" style=\"text-align: start;\">L&rsquo;huile d&rsquo;olive poss\u00e8de des propri\u00e9t\u00e9s th\u00e9rapeutiques, fait partie des produits les plus typiques du territoire italien, constitue un \u00e9l\u00e9ment de base de notre culture culinaire et nous permet de rester en bonne sant\u00e9 et de vivre longtemps.<\/div>\n<\/div>\n<\/div>\n<\/div>\n<\/div>\n<\/div>\n<p>[\/et_pb_text][\/et_pb_column][\/et_pb_row][\/et_pb_section]<\/p>\n","protected":false},"excerpt":{"rendered":"<p>L&rsquo;arbre de la long\u00e9vit\u00e9 Les oliviers sont petits, tordus et poussent peu. Pourtant, le tronc est puissant, s&rsquo;\u00e9claircissant dans la couronne, plein de feuillage et de feuilles vertes argent\u00e9es, pr\u00eates \u00e0 scintiller sous chaque rayon de soleil et \u00e0 s&rsquo;\u00e9parpiller \u00e0 chaque rafale de vent. Chaque arbre est une sculpture : m\u00eame s&rsquo;ils ne sont [&hellip;]<\/p>\n","protected":false},"author":1,"featured_media":0,"comment_status":"open","ping_status":"open","sticky":false,"template":"","format":"standard","meta":{"_et_pb_use_builder":"on","_et_pb_old_content":"","_et_gb_content_width":"","_jetpack_newsletter_access":"","_jetpack_dont_email_post_to_subs":false,"_jetpack_newsletter_tier_id":0,"_jetpack_memberships_contains_paywalled_content":false,"_jetpack_feature_clip_id":0,"_jetpack_memberships_contains_paid_content":false,"footnotes":"","jetpack_post_was_ever_published":false},"categories":[112],"tags":[120,121,115],"class_list":["post-1347","post","type-post","status-publish","format-standard","hentry","category-olivier","tag-bien-etre","tag-oilevo-fr","tag-ulivo-fr"],"yoast_head":"<!-- This site is optimized with the Yoast SEO plugin v28.0 - https:\/\/yoast.com\/product\/yoast-seo-wordpress\/ -->\n<title>L&#039;arbre de la long\u00e9vit\u00e9 - Horta Azienda Agricola<\/title>\n<meta name=\"robots\" content=\"index, follow, max-snippet:-1, max-image-preview:large, max-video-preview:-1\" \/>\n<link rel=\"canonical\" href=\"https:\/\/www.hortatuscia.it\/fr\/olivier\/larbre-de-la-longevite\/\" \/>\n<meta property=\"og:locale\" content=\"fr_FR\" \/>\n<meta property=\"og:type\" content=\"article\" \/>\n<meta property=\"og:title\" content=\"L&#039;arbre de la long\u00e9vit\u00e9 - Horta Azienda Agricola\" \/>\n<meta property=\"og:description\" content=\"L&#039;arbre de la long\u00e9vit\u00e9 Les oliviers sont petits, tordus et poussent peu. Pourtant, le tronc est puissant, s&#039;\u00e9claircissant dans la couronne, plein de feuillage et de feuilles vertes argent\u00e9es, pr\u00eates \u00e0 scintiller sous chaque rayon de soleil et \u00e0 s&#039;\u00e9parpiller \u00e0 chaque rafale de vent. Chaque arbre est une sculpture : m\u00eame s&#039;ils ne sont [&hellip;]\" \/>\n<meta property=\"og:url\" content=\"https:\/\/www.hortatuscia.it\/fr\/olivier\/larbre-de-la-longevite\/\" \/>\n<meta property=\"og:site_name\" content=\"Horta Azienda Agricola\" \/>\n<meta property=\"article:published_time\" content=\"2021-03-10T19:01:23+00:00\" \/>\n<meta property=\"article:modified_time\" content=\"2023-04-06T12:57:09+00:00\" \/>\n<meta name=\"author\" content=\"admin\" \/>\n<meta name=\"twitter:card\" content=\"summary_large_image\" \/>\n<script type=\"application\/ld+json\" class=\"yoast-schema-graph\">{\"@context\":\"https:\\\/\\\/schema.org\",\"@graph\":[{\"@type\":\"Article\",\"@id\":\"https:\\\/\\\/www.hortatuscia.it\\\/fr\\\/olivier\\\/larbre-de-la-longevite\\\/#article\",\"isPartOf\":{\"@id\":\"https:\\\/\\\/www.hortatuscia.it\\\/fr\\\/olivier\\\/larbre-de-la-longevite\\\/\"},\"author\":{\"name\":\"admin\",\"@id\":\"https:\\\/\\\/www.hortatuscia.it\\\/fr\\\/#\\\/schema\\\/person\\\/01733b87f69c44770bb2e8b094a7d545\"},\"headline\":\"L&rsquo;arbre de la long\u00e9vit\u00e9\",\"datePublished\":\"2021-03-10T19:01:23+00:00\",\"dateModified\":\"2023-04-06T12:57:09+00:00\",\"mainEntityOfPage\":{\"@id\":\"https:\\\/\\\/www.hortatuscia.it\\\/fr\\\/olivier\\\/larbre-de-la-longevite\\\/\"},\"wordCount\":599,\"commentCount\":0,\"keywords\":[\"#bien-\u00eatre\",\"#oilevo\",\"#ulivo\"],\"articleSection\":[\"Olivier\"],\"inLanguage\":\"fr-FR\",\"potentialAction\":[{\"@type\":\"CommentAction\",\"name\":\"Comment\",\"target\":[\"https:\\\/\\\/www.hortatuscia.it\\\/fr\\\/olivier\\\/larbre-de-la-longevite\\\/#respond\"]}]},{\"@type\":\"WebPage\",\"@id\":\"https:\\\/\\\/www.hortatuscia.it\\\/fr\\\/olivier\\\/larbre-de-la-longevite\\\/\",\"url\":\"https:\\\/\\\/www.hortatuscia.it\\\/fr\\\/olivier\\\/larbre-de-la-longevite\\\/\",\"name\":\"L'arbre de la long\u00e9vit\u00e9 - Horta Azienda Agricola\",\"isPartOf\":{\"@id\":\"https:\\\/\\\/www.hortatuscia.it\\\/fr\\\/#website\"},\"datePublished\":\"2021-03-10T19:01:23+00:00\",\"dateModified\":\"2023-04-06T12:57:09+00:00\",\"author\":{\"@id\":\"https:\\\/\\\/www.hortatuscia.it\\\/fr\\\/#\\\/schema\\\/person\\\/01733b87f69c44770bb2e8b094a7d545\"},\"breadcrumb\":{\"@id\":\"https:\\\/\\\/www.hortatuscia.it\\\/fr\\\/olivier\\\/larbre-de-la-longevite\\\/#breadcrumb\"},\"inLanguage\":\"fr-FR\",\"potentialAction\":[{\"@type\":\"ReadAction\",\"target\":[\"https:\\\/\\\/www.hortatuscia.it\\\/fr\\\/olivier\\\/larbre-de-la-longevite\\\/\"]}]},{\"@type\":\"BreadcrumbList\",\"@id\":\"https:\\\/\\\/www.hortatuscia.it\\\/fr\\\/olivier\\\/larbre-de-la-longevite\\\/#breadcrumb\",\"itemListElement\":[{\"@type\":\"ListItem\",\"position\":1,\"name\":\"Home\",\"item\":\"https:\\\/\\\/www.hortatuscia.it\\\/fr\\\/\"},{\"@type\":\"ListItem\",\"position\":2,\"name\":\"L&rsquo;arbre de la long\u00e9vit\u00e9\"}]},{\"@type\":\"WebSite\",\"@id\":\"https:\\\/\\\/www.hortatuscia.it\\\/fr\\\/#website\",\"url\":\"https:\\\/\\\/www.hortatuscia.it\\\/fr\\\/\",\"name\":\"Horta Azienda Agricola\",\"description\":\"Dalla Terra i frutti migliori agricoltura biologica - produzione olio extravergine di oliva\",\"potentialAction\":[{\"@type\":\"SearchAction\",\"target\":{\"@type\":\"EntryPoint\",\"urlTemplate\":\"https:\\\/\\\/www.hortatuscia.it\\\/fr\\\/?s={search_term_string}\"},\"query-input\":{\"@type\":\"PropertyValueSpecification\",\"valueRequired\":true,\"valueName\":\"search_term_string\"}}],\"inLanguage\":\"fr-FR\"},{\"@type\":\"Person\",\"@id\":\"https:\\\/\\\/www.hortatuscia.it\\\/fr\\\/#\\\/schema\\\/person\\\/01733b87f69c44770bb2e8b094a7d545\",\"name\":\"admin\",\"image\":{\"@type\":\"ImageObject\",\"inLanguage\":\"fr-FR\",\"@id\":\"https:\\\/\\\/secure.gravatar.com\\\/avatar\\\/30c2af5ff7b35586a8f9402d2f4bae37328162da12c8209ee53a17c1fee42d26?s=96&d=mm&r=g\",\"url\":\"https:\\\/\\\/secure.gravatar.com\\\/avatar\\\/30c2af5ff7b35586a8f9402d2f4bae37328162da12c8209ee53a17c1fee42d26?s=96&d=mm&r=g\",\"contentUrl\":\"https:\\\/\\\/secure.gravatar.com\\\/avatar\\\/30c2af5ff7b35586a8f9402d2f4bae37328162da12c8209ee53a17c1fee42d26?s=96&d=mm&r=g\",\"caption\":\"admin\"},\"url\":\"https:\\\/\\\/www.hortatuscia.it\\\/fr\\\/author\\\/admin\\\/\"}]}<\/script>\n<!-- \/ Yoast SEO plugin. -->","yoast_head_json":{"title":"L'arbre de la long\u00e9vit\u00e9 - Horta Azienda Agricola","robots":{"index":"index","follow":"follow","max-snippet":"max-snippet:-1","max-image-preview":"max-image-preview:large","max-video-preview":"max-video-preview:-1"},"canonical":"https:\/\/www.hortatuscia.it\/fr\/olivier\/larbre-de-la-longevite\/","og_locale":"fr_FR","og_type":"article","og_title":"L'arbre de la long\u00e9vit\u00e9 - Horta Azienda Agricola","og_description":"L'arbre de la long\u00e9vit\u00e9 Les oliviers sont petits, tordus et poussent peu. Pourtant, le tronc est puissant, s'\u00e9claircissant dans la couronne, plein de feuillage et de feuilles vertes argent\u00e9es, pr\u00eates \u00e0 scintiller sous chaque rayon de soleil et \u00e0 s'\u00e9parpiller \u00e0 chaque rafale de vent. Chaque arbre est une sculpture : m\u00eame s'ils ne sont [&hellip;]","og_url":"https:\/\/www.hortatuscia.it\/fr\/olivier\/larbre-de-la-longevite\/","og_site_name":"Horta Azienda Agricola","article_published_time":"2021-03-10T19:01:23+00:00","article_modified_time":"2023-04-06T12:57:09+00:00","author":"admin","twitter_card":"summary_large_image","schema":{"@context":"https:\/\/schema.org","@graph":[{"@type":"Article","@id":"https:\/\/www.hortatuscia.it\/fr\/olivier\/larbre-de-la-longevite\/#article","isPartOf":{"@id":"https:\/\/www.hortatuscia.it\/fr\/olivier\/larbre-de-la-longevite\/"},"author":{"name":"admin","@id":"https:\/\/www.hortatuscia.it\/fr\/#\/schema\/person\/01733b87f69c44770bb2e8b094a7d545"},"headline":"L&rsquo;arbre de la long\u00e9vit\u00e9","datePublished":"2021-03-10T19:01:23+00:00","dateModified":"2023-04-06T12:57:09+00:00","mainEntityOfPage":{"@id":"https:\/\/www.hortatuscia.it\/fr\/olivier\/larbre-de-la-longevite\/"},"wordCount":599,"commentCount":0,"keywords":["#bien-\u00eatre","#oilevo","#ulivo"],"articleSection":["Olivier"],"inLanguage":"fr-FR","potentialAction":[{"@type":"CommentAction","name":"Comment","target":["https:\/\/www.hortatuscia.it\/fr\/olivier\/larbre-de-la-longevite\/#respond"]}]},{"@type":"WebPage","@id":"https:\/\/www.hortatuscia.it\/fr\/olivier\/larbre-de-la-longevite\/","url":"https:\/\/www.hortatuscia.it\/fr\/olivier\/larbre-de-la-longevite\/","name":"L'arbre de la long\u00e9vit\u00e9 - Horta Azienda Agricola","isPartOf":{"@id":"https:\/\/www.hortatuscia.it\/fr\/#website"},"datePublished":"2021-03-10T19:01:23+00:00","dateModified":"2023-04-06T12:57:09+00:00","author":{"@id":"https:\/\/www.hortatuscia.it\/fr\/#\/schema\/person\/01733b87f69c44770bb2e8b094a7d545"},"breadcrumb":{"@id":"https:\/\/www.hortatuscia.it\/fr\/olivier\/larbre-de-la-longevite\/#breadcrumb"},"inLanguage":"fr-FR","potentialAction":[{"@type":"ReadAction","target":["https:\/\/www.hortatuscia.it\/fr\/olivier\/larbre-de-la-longevite\/"]}]},{"@type":"BreadcrumbList","@id":"https:\/\/www.hortatuscia.it\/fr\/olivier\/larbre-de-la-longevite\/#breadcrumb","itemListElement":[{"@type":"ListItem","position":1,"name":"Home","item":"https:\/\/www.hortatuscia.it\/fr\/"},{"@type":"ListItem","position":2,"name":"L&rsquo;arbre de la long\u00e9vit\u00e9"}]},{"@type":"WebSite","@id":"https:\/\/www.hortatuscia.it\/fr\/#website","url":"https:\/\/www.hortatuscia.it\/fr\/","name":"Horta Azienda Agricola","description":"Dalla Terra i frutti migliori agricoltura biologica - produzione olio extravergine di oliva","potentialAction":[{"@type":"SearchAction","target":{"@type":"EntryPoint","urlTemplate":"https:\/\/www.hortatuscia.it\/fr\/?s={search_term_string}"},"query-input":{"@type":"PropertyValueSpecification","valueRequired":true,"valueName":"search_term_string"}}],"inLanguage":"fr-FR"},{"@type":"Person","@id":"https:\/\/www.hortatuscia.it\/fr\/#\/schema\/person\/01733b87f69c44770bb2e8b094a7d545","name":"admin","image":{"@type":"ImageObject","inLanguage":"fr-FR","@id":"https:\/\/secure.gravatar.com\/avatar\/30c2af5ff7b35586a8f9402d2f4bae37328162da12c8209ee53a17c1fee42d26?s=96&d=mm&r=g","url":"https:\/\/secure.gravatar.com\/avatar\/30c2af5ff7b35586a8f9402d2f4bae37328162da12c8209ee53a17c1fee42d26?s=96&d=mm&r=g","contentUrl":"https:\/\/secure.gravatar.com\/avatar\/30c2af5ff7b35586a8f9402d2f4bae37328162da12c8209ee53a17c1fee42d26?s=96&d=mm&r=g","caption":"admin"},"url":"https:\/\/www.hortatuscia.it\/fr\/author\/admin\/"}]}},"jetpack_featured_media_url":"","jetpack_sharing_enabled":true,"_links":{"self":[{"href":"https:\/\/www.hortatuscia.it\/fr\/wp-json\/wp\/v2\/posts\/1347","targetHints":{"allow":["GET"]}}],"collection":[{"href":"https:\/\/www.hortatuscia.it\/fr\/wp-json\/wp\/v2\/posts"}],"about":[{"href":"https:\/\/www.hortatuscia.it\/fr\/wp-json\/wp\/v2\/types\/post"}],"author":[{"embeddable":true,"href":"https:\/\/www.hortatuscia.it\/fr\/wp-json\/wp\/v2\/users\/1"}],"replies":[{"embeddable":true,"href":"https:\/\/www.hortatuscia.it\/fr\/wp-json\/wp\/v2\/comments?post=1347"}],"version-history":[{"count":11,"href":"https:\/\/www.hortatuscia.it\/fr\/wp-json\/wp\/v2\/posts\/1347\/revisions"}],"predecessor-version":[{"id":1410,"href":"https:\/\/www.hortatuscia.it\/fr\/wp-json\/wp\/v2\/posts\/1347\/revisions\/1410"}],"wp:attachment":[{"href":"https:\/\/www.hortatuscia.it\/fr\/wp-json\/wp\/v2\/media?parent=1347"}],"wp:term":[{"taxonomy":"category","embeddable":true,"href":"https:\/\/www.hortatuscia.it\/fr\/wp-json\/wp\/v2\/categories?post=1347"},{"taxonomy":"post_tag","embeddable":true,"href":"https:\/\/www.hortatuscia.it\/fr\/wp-json\/wp\/v2\/tags?post=1347"}],"curies":[{"name":"wp","href":"https:\/\/api.w.org\/{rel}","templated":true}]}}